{"id":2020,"date":"2021-05-11T10:14:22","date_gmt":"2021-05-11T08:14:22","guid":{"rendered":"https:\/\/www.restaurantpauleetkopa.fr\/reopening-of-the-paule-kopa-restaurant-terrace-in-marseille-2\/"},"modified":"2025-12-09T00:08:55","modified_gmt":"2025-12-08T23:08:55","slug":"reopening-of-the-paule-kopa-restaurant-terrace-in-marseille","status":"publish","type":"post","link":"https:\/\/www.restaurantpauleetkopa.fr\/en\/reopening-of-the-paule-kopa-restaurant-terrace-in-marseille\/","title":{"rendered":"Reopening of the Paule &amp; Kopa restaurant terrace in Marseille"},"content":{"rendered":"\n<style type=\"text\/css\" data-created_by=\"avia_inline_auto\" id=\"style-css-av-1qnsu2-ca6369cbcdc7452772f558a423001720\">\n.avia-section.av-1qnsu2-ca6369cbcdc7452772f558a423001720 .av-parallax .av-parallax-inner{\nbackground-color:#ffffff;\nbackground-image:url(https:\/\/www.restaurantpauleetkopa.fr\/wp-content\/uploads\/2025\/11\/restaurant-mediterraneen-paule-et-kopa-vieux-port-marseille.jpg);\nbackground-repeat:no-repeat;\nbackground-position:50% 50%;\nbackground-attachment:scroll;\n}\n#top .avia-section.av-1qnsu2-ca6369cbcdc7452772f558a423001720 .scroll-down-link{\ncolor:#ffffff;\n}\n#top .avia-section.av-1qnsu2-ca6369cbcdc7452772f558a423001720 .scroll-down-link.avia-svg-icon svg:first-child{\nstroke:#ffffff;\nfill:#ffffff;\n}\n<\/style>\n<div id='av_section_1'  class='avia-section av-1qnsu2-ca6369cbcdc7452772f558a423001720 main_color avia-section-default avia-no-border-styling  avia-builder-el-0  el_before_av_section  avia-builder-el-first  avia-full-stretch av-parallax-section avia-bg-style-parallax av-minimum-height av-minimum-height-50 av-height-50  container_wrap fullsize'  data-section-bg-repeat='stretch' data-av_minimum_height_pc='50' data-av_min_height_opt='50'><div class='av-parallax' data-avia-parallax-ratio='0.3' ><div class='av-parallax-inner main_color avia-full-stretch'><\/div><\/div><div class=\"av-section-color-overlay-wrap\"><a href='#next-section' title='' class='scroll-down-link av-custom-scroll-down-color avia-svg-icon avia-font-svg_entypo-fontello' data-av_svg_icon='down-open-mini' data-av_iconset='svg_entypo-fontello'><svg version=\"1.1\" xmlns=\"http:\/\/www.w3.org\/2000\/svg\" width=\"15\" height=\"32\" viewBox=\"0 0 15 32\" preserveAspectRatio=\"xMidYMid meet\" aria-labelledby='av-svg-title-1' aria-describedby='av-svg-desc-1' role=\"graphics-symbol\" aria-hidden=\"true\">\n<title id='av-svg-title-1'>Scroll to next section<\/title>\n<desc id='av-svg-desc-1'>Scroll to next section<\/desc>\n<path d=\"M12.96 12.16q0.704-0.832 1.536 0 0.832 0.704 0 1.536l-6.272 6.144q-0.704 0.704-1.536 0l-6.272-6.144q-0.832-0.832 0-1.536 0.768-0.768 1.6 0l5.44 4.992z\"><\/path>\n<\/svg><\/a><div class='container av-section-cont-open' ><main  role=\"main\" itemprop=\"mainContentOfPage\"  class='template-page content  av-content-full alpha units'><div class='post-entry post-entry-type-page post-entry-2020'><div class='entry-content-wrapper clearfix'>\n\n<style type=\"text\/css\" data-created_by=\"avia_inline_auto\" id=\"style-css-av-mhwegqkq-ad9a8df05302ecff977143b77d6792f9\">\n#top .av-special-heading.av-mhwegqkq-ad9a8df05302ecff977143b77d6792f9{\ncolor:#ffffff;\nfont-size:60px;\n}\nbody .av-special-heading.av-mhwegqkq-ad9a8df05302ecff977143b77d6792f9 .av-special-heading-tag .heading-char{\nfont-size:25px;\n}\n#top #wrap_all .av-special-heading.av-mhwegqkq-ad9a8df05302ecff977143b77d6792f9 .av-special-heading-tag{\nfont-size:60px;\n}\n.av-special-heading.av-mhwegqkq-ad9a8df05302ecff977143b77d6792f9 .special-heading-inner-border{\nborder-color:#ffffff;\n}\n.av-special-heading.av-mhwegqkq-ad9a8df05302ecff977143b77d6792f9 .av-subheading{\nfont-size:17px;\n}\n\n@media only screen and (min-width: 480px) and (max-width: 767px){ \n#top #wrap_all .av-special-heading.av-mhwegqkq-ad9a8df05302ecff977143b77d6792f9 .av-special-heading-tag{\nfont-size:0.8em;\n}\n}\n\n@media only screen and (max-width: 479px){ \n#top #wrap_all .av-special-heading.av-mhwegqkq-ad9a8df05302ecff977143b77d6792f9 .av-special-heading-tag{\nfont-size:0.8em;\n}\n}\n<\/style>\n<div  class='av-special-heading av-mhwegqkq-ad9a8df05302ecff977143b77d6792f9 av-special-heading-h1 custom-color-heading blockquote modern-quote  avia-builder-el-1  avia-builder-el-no-sibling  av-thin-font av-inherit-size'><h1 class='av-special-heading-tag '  itemprop=\"headline\"  >Reopening of the <strong>Paule <span class='special_amp'>&amp;<\/span> Kopa restaurant terrace in Marseille<\/strong><\/h1><div class=\"special-heading-border\"><div class=\"special-heading-inner-border\"><\/div><\/div><\/div>\n\n<\/div><\/div><\/main><!-- close content main element --><\/div><\/div><\/div><div id='singleactus'  class='avia-section av-5o1eq-2ce28e80a56339c9d56cd571f2b69c65 main_color avia-section-default avia-no-border-styling  avia-builder-el-2  el_after_av_section  el_before_av_section  avia-bg-style-scroll container_wrap fullsize'  ><div class='container av-section-cont-open' ><div class='template-page content  av-content-full alpha units'><div class='post-entry post-entry-type-page post-entry-2020'><div class='entry-content-wrapper clearfix'>\n<div  class='flex_column av-1caglu-da1397dfff53e94b29c5b4addf21129f av_two_third  avia-builder-el-3  el_before_av_one_third  avia-builder-el-first  first flex_column_div  '     ><p>\n<style type=\"text\/css\" data-created_by=\"avia_inline_auto\" id=\"style-css-av-16joxm-2c887807fdf5bca1843cb7d76e2909b0\">\n.avia-image-container.av-16joxm-2c887807fdf5bca1843cb7d76e2909b0 img.avia_image{\nbox-shadow:none;\n}\n.avia-image-container.av-16joxm-2c887807fdf5bca1843cb7d76e2909b0 .av-image-caption-overlay-center{\ncolor:#ffffff;\n}\n<\/style>\n<div  class='avia-image-container av-16joxm-2c887807fdf5bca1843cb7d76e2909b0 av-styling- avia-align-center  avia-builder-el-4  el_before_av_textblock  avia-builder-el-first '   itemprop=\"image\" itemscope=\"itemscope\" itemtype=\"https:\/\/schema.org\/ImageObject\" ><div class=\"avia-image-container-inner\"><div class=\"avia-image-overlay-wrap\"><img decoding=\"async\" fetchpriority=\"high\" class='wp-image-1869 avia-img-lazy-loading-not-1869 avia_image ' src=\"https:\/\/www.restaurantpauleetkopa.fr\/wp-content\/uploads\/2025\/11\/reouverture-de-la-terrasse-du-restaurant-paule-kopa-a-marseille-actualites.jpg\" alt='Reopening of the Paule &amp; Kopa restaurant terrace in Marseille' title='reouverture-de-la-terrasse-du-restaurant-paule-kopa-a-marseille-actualites'  height=\"440\" width=\"782\"  itemprop=\"thumbnailUrl\" srcset=\"https:\/\/www.restaurantpauleetkopa.fr\/wp-content\/uploads\/2025\/11\/reouverture-de-la-terrasse-du-restaurant-paule-kopa-a-marseille-actualites.jpg 782w, https:\/\/www.restaurantpauleetkopa.fr\/wp-content\/uploads\/2025\/11\/reouverture-de-la-terrasse-du-restaurant-paule-kopa-a-marseille-actualites-300x169.jpg 300w, https:\/\/www.restaurantpauleetkopa.fr\/wp-content\/uploads\/2025\/11\/reouverture-de-la-terrasse-du-restaurant-paule-kopa-a-marseille-actualites-768x432.jpg 768w, https:\/\/www.restaurantpauleetkopa.fr\/wp-content\/uploads\/2025\/11\/reouverture-de-la-terrasse-du-restaurant-paule-kopa-a-marseille-actualites-705x397.jpg 705w\" sizes=\"(max-width: 782px) 100vw, 782px\" \/><\/div><\/div><\/div><br \/>\n<section  class='av_textblock_section av-mhwei5t7-7509089b18960406f41acbb120008ff3 '   itemscope=\"itemscope\" itemtype=\"https:\/\/schema.org\/BlogPosting\" itemprop=\"blogPost\" ><div class='avia_textblock'  itemprop=\"text\" ><p>Good news for lovers of <strong>Mediterranean cuisine<\/strong> and <strong>sunny aperitifs<\/strong>: the <strong>restaurant Paule &amp; Kopa<\/strong> is finally reopening its iconic <strong>terrace<\/strong> on <strong>place aux Huiles<\/strong>, just a stone\u2019s throw from <strong>Marseille\u2019s Old Port<\/strong>!<\/p>\n<\/div><\/section><br \/>\n\n<style type=\"text\/css\" data-created_by=\"avia_inline_auto\" id=\"style-css-av-mhwegwup-ae578924d9fc295e2d0af706a60ca5f8\">\nbody .av-special-heading.av-mhwegwup-ae578924d9fc295e2d0af706a60ca5f8 .av-special-heading-tag .heading-char{\nfont-size:25px;\n}\n.av-special-heading.av-mhwegwup-ae578924d9fc295e2d0af706a60ca5f8 .av-subheading{\nfont-size:15px;\n}\n<\/style>\n<div  class='av-special-heading av-mhwegwup-ae578924d9fc295e2d0af706a60ca5f8 av-special-heading-h2 blockquote modern-quote modern-centered  avia-builder-el-6  el_after_av_textblock  el_before_av_textblock  av-thin-font'><h2 class='av-special-heading-tag '  itemprop=\"headline\"  >Reopening of the <strong>Paule <span class='special_amp'>&amp;<\/span> Kopa restaurant terrace in Marseille<\/strong><\/h2><div class='av-subheading av-subheading_below'><p>The pleasure of the South is finally back in the open air<\/p>\n<\/div><div class=\"special-heading-border\"><div class=\"special-heading-inner-border\"><\/div><\/div><\/div><br \/>\n<section  class='av_textblock_section av-mhweowju-ccc1631cd39fae5f94f4dca71d449b55 '   itemscope=\"itemscope\" itemtype=\"https:\/\/schema.org\/BlogPosting\" itemprop=\"blogPost\" ><div class='avia_textblock'  itemprop=\"text\" ><h3>Terrace reopening on May 19<\/h3>\n<p>Starting <strong>May 19, 2021<\/strong>, the entire <strong>Paule &amp; Kopa<\/strong> team welcomes you for outdoor lunches in a friendly, sun-filled and unmistakably Marseillais atmosphere.<\/p>\n<h3>Mediterranean cuisine to enjoy outdoors<\/h3>\n<p>On the menu: the restaurant\u2019s classics, <g id=\"gid_0\">Proven\u00e7al-style supions<\/g>, <strong>fresh fish<\/strong>, <strong>petits farcis<\/strong>, <strong>homemade pizzas<\/strong>, <strong>pieds paquets<\/strong>&#8230; and of course <strong>Paule\u2019s homemade desserts<\/strong>.  <\/p>\n<p>All of it paired with a glass of chilled wine or an <strong>aperitif on the terrace<\/strong>, under the Mediterranean charm of the square.<\/p>\n<p>Whether you\u2019re a <strong>regular<\/strong> from the neighborhood, just <strong>passing through<\/strong>, or a curious <strong>visitor,<\/strong> it\u2019s the perfect opportunity to enjoy a true gourmet moment outdoors after long months of waiting.<\/p>\n<h3>Special opening hours for the reopening<\/h3>\n<p>From <strong>May 19, 2021<\/strong>: <\/p>\n<ul>\n<li><strong>Open daily<\/strong>, including Sundays and holidays, from 12 p.m. to 3:30 p.m.<\/li>\n<li><strong>42 place aux Huiles<\/strong> &#8211; <strong>1st district of Marseille<\/strong>, a few steps from the <strong>Old Port<\/strong><\/li>\n<li><strong>Reservation recommended<\/strong>: 04 91 33 26 03<\/li>\n<\/ul>\n<h3>The Paule &amp; Kopa spirit: authenticity, conviviality and sunshine<\/h3>\n<p>At <strong>Paule &amp; Kopa<\/strong>, the <strong>terrace<\/strong> is more than just a place to have <strong>lunch<\/strong>, it\u2019s a space for sharing and relaxing, where you can enjoy the best of <strong>Proven\u00e7al cuisine<\/strong> in a <strong>warm atmosphere<\/strong>. <\/p>\n<p>With its <strong>typically Marseillais setting<\/strong>, full of neighborhood life, laughter and sunshine, the restaurant perfectly embodies the <strong>southern art of living<\/strong>.<\/p>\n<blockquote>\n<p>We look forward to seeing you again around a good meal on our <strong>sunlit terrace<\/strong>. It\u2019s a true pleasure to reopen the restaurant and share these moments of conviviality with you once again. <\/p>\n<\/blockquote>\n<\/div><\/section><br \/>\n<div  class='avia-button-wrap avia-button-center  avia-builder-el-8  el_after_av_textblock  el_before_av_social_share '>\n<style type=\"text\/css\" data-created_by=\"avia_inline_auto\" id=\"style-css-av-mhweqv92-fa6c70595f1fa2c182095d43b1ffc580\">\n#top #wrap_all .avia-button.av-mhweqv92-fa6c70595f1fa2c182095d43b1ffc580:hover{\ncolor:white;\ntransition:all 0.4s ease-in-out;\n}\n#top #wrap_all .avia-button.av-mhweqv92-fa6c70595f1fa2c182095d43b1ffc580:hover .avia-svg-icon svg:first-child{\nfill:white;\nstroke:white;\n}\n<\/style>\n<a href='https:\/\/www.restaurantpauleetkopa.fr\/en\/mediterranean-restaurant-menu-marseille\/' class='avia-color-theme-color avia-font-color-theme-color avia-button avia-button-fullwidth av-mhweqv92-fa6c70595f1fa2c182095d43b1ffc580 avia-icon_select-no avia-color-theme-color'   aria-label=\"Our menu\"><span class='avia_iconbox_title' >Our menu<\/span><div class='av-button-description av-button-description-below'><p>Paule &amp; Kopa, restaurant on the Marseille Old Port<\/p>\n<\/div><span class='avia_button_background avia-button avia-button-fullwidth avia-color-theme-color'><\/span><\/a><\/div><br \/>\n<div  class='av-social-sharing-box av-15950a-025429fdd682016c09fedccb96991d9a av-social-sharing-box-icon  avia-builder-el-9  el_after_av_button_big  avia-builder-el-no-sibling  av-social-sharing-box-same-width av-social-sharing-center'><div class=\"av-share-box\"><h5 class='av-share-link-description av-no-toc '>Share this news<\/h5><ul class=\"av-share-box-list noLightbox\"><li class='av-share-link av-social-link-facebook avia_social_iconfont' ><a target=\"_blank\" aria-label=\"Share on Facebook\" href='https:\/\/www.facebook.com\/sharer.php?u=https:\/\/www.restaurantpauleetkopa.fr\/en\/reopening-of-the-paule-kopa-restaurant-terrace-in-marseille\/&#038;t=Reopening%20of%20the%20Paule%20%26%20Kopa%20restaurant%20terrace%20in%20Marseille' data-av_icon='\ue8f3' data-av_iconfont='entypo-fontello'  title='' data-avia-related-tooltip='Share on Facebook'><span class='avia_hidden_link_text'>Share on Facebook<\/span><\/a><\/li><li class='av-share-link av-social-link-twitter avia_social_iconfont' ><a target=\"_blank\" aria-label=\"Share on X\" href='https:\/\/twitter.com\/share?text=Reopening%20of%20the%20Paule%20%26%20Kopa%20restaurant%20terrace%20in%20Marseille&#038;url=https:\/\/www.restaurantpauleetkopa.fr\/en\/?p=2020' data-av_icon='\ue932' data-av_iconfont='entypo-fontello'  title='' data-avia-related-tooltip='Share on X'><span class='avia_hidden_link_text'>Share on X<\/span><\/a><\/li><li class='av-share-link av-social-link-whatsapp avia_social_iconfont' ><a target=\"_blank\" aria-label=\"Share on WhatsApp\" href='https:\/\/api.whatsapp.com\/send?text=https:\/\/www.restaurantpauleetkopa.fr\/en\/reopening-of-the-paule-kopa-restaurant-terrace-in-marseille\/' data-av_icon='\uf232' data-av_iconfont='entypo-fontello'  title='' data-avia-related-tooltip='Share on WhatsApp'><span class='avia_hidden_link_text'>Share on WhatsApp<\/span><\/a><\/li><li class='av-share-link av-social-link-linkedin avia_social_iconfont' ><a target=\"_blank\" aria-label=\"Share on LinkedIn\" href='https:\/\/linkedin.com\/shareArticle?mini=true&#038;title=Reopening%20of%20the%20Paule%20%26%20Kopa%20restaurant%20terrace%20in%20Marseille&#038;url=https:\/\/www.restaurantpauleetkopa.fr\/en\/reopening-of-the-paule-kopa-restaurant-terrace-in-marseille\/' data-av_icon='\ue8fc' data-av_iconfont='entypo-fontello'  title='' data-avia-related-tooltip='Share on LinkedIn'><span class='avia_hidden_link_text'>Share on LinkedIn<\/span><\/a><\/li><li class='av-share-link av-social-link-mail avia_social_iconfont' ><a  aria-label=\"Share by Mail\" href='mailto:?subject=Reopening%20of%20the%20Paule%20%26%20Kopa%20restaurant%20terrace%20in%20Marseille&#038;body=https:\/\/www.restaurantpauleetkopa.fr\/en\/reopening-of-the-paule-kopa-restaurant-terrace-in-marseille\/' data-av_icon='\ue805' data-av_iconfont='entypo-fontello'  title='' data-avia-related-tooltip='Share by Mail'><span class='avia_hidden_link_text'>Share by Mail<\/span><\/a><\/li><\/ul><\/div><\/div><\/p><\/div>\n<style type=\"text\/css\" data-created_by=\"avia_inline_auto\" id=\"style-css-av-wej3m-13586099800ecc132a35de3ba13a4d0f\">\n.flex_column.av-wej3m-13586099800ecc132a35de3ba13a4d0f{\npadding:40px 40px 40px 40px;\nbackground-color:#9f1e1e;\n}\n<\/style>\n<div  class='flex_column av-wej3m-13586099800ecc132a35de3ba13a4d0f av_one_third  avia-builder-el-10  el_after_av_two_third  avia-builder-el-last  flex_column_div  '     ><div  class='avia-builder-widget-area clearfix  avia-builder-el-11  avia-builder-el-no-sibling '><section id=\"avia_auto_toc-2\" class=\"widget clearfix avia-widget-container avia_auto_toc avia_no_block_preview\"><div class=\"avia-preview-headline\">Enfold Child Table of Contents<\/div><div class=\"avia-preview-info\">Title: Table des mati\u00e8res<\/div><div class=\"avia-preview-in-front\">Table can only be rendered in frontend.<\/div><span class=\"seperator extralight-border\"><\/span><\/section><\/div><\/div>\n\n<\/div><\/div><\/div><!-- close content main div --><\/div><\/div><div id='relatedactus'  class='avia-section av-jtusy-1012120ff0dbef8b214837a3f750ebe6 alternate_color avia-section-default avia-no-border-styling  avia-builder-el-12  el_after_av_section  avia-builder-el-last  avia-bg-style-scroll container_wrap fullsize'  ><div class='container av-section-cont-open' ><div class='template-page content  av-content-full alpha units'><div class='post-entry post-entry-type-page post-entry-2020'><div class='entry-content-wrapper clearfix'>\n\n<style type=\"text\/css\" data-created_by=\"avia_inline_auto\" id=\"style-css-av-dwria-96f1356f9f79e8c79f095a984d2d1a93\">\nbody .av-special-heading.av-dwria-96f1356f9f79e8c79f095a984d2d1a93 .av-special-heading-tag .heading-char{\nfont-size:25px;\n}\n.av-special-heading.av-dwria-96f1356f9f79e8c79f095a984d2d1a93 .av-subheading{\nfont-size:15px;\n}\n<\/style>\n<div  class='av-special-heading av-dwria-96f1356f9f79e8c79f095a984d2d1a93 av-special-heading-h2 blockquote modern-quote modern-centered  avia-builder-el-13  el_before_av_codeblock  avia-builder-el-first  av-thin-font'><h2 class='av-special-heading-tag '  itemprop=\"headline\"  >You <strong>may also like<\/strong><\/h2><div class='av-subheading av-subheading_below'><p>Our other gourmet stories<\/p>\n<\/div><div class=\"special-heading-border\"><div class=\"special-heading-inner-border\"><\/div><\/div><\/div>\n\n\n","protected":false},"excerpt":{"rendered":"<p>Good news for lovers of Mediterranean cuisine and sunny aperitifs: the restaurant Paule &amp; Kopa is finally reopening its iconic terrace on Place aux Huiles, just a stone\u2019s throw from Marseille\u2019s Old Port! Starting May 19, 2021, the entire&#8230; <\/p>\n","protected":false},"author":2,"featured_media":1869,"comment_status":"closed","ping_status":"open","sticky":false,"template":"","format":"standard","meta":{"_monsterinsights_skip_tracking":false,"_monsterinsights_sitenote_active":false,"_monsterinsights_sitenote_note":"","_monsterinsights_sitenote_category":0,"footnotes":""},"categories":[17],"tags":[18],"class_list":["post-2020","post","type-post","status-publish","format-standard","has-post-thumbnail","hentry","category-paule-and-kopa","tag-paule-and-kopa"],"yoast_head":"<!-- This site is optimized with the Yoast SEO plugin v27.4 - https:\/\/yoast.com\/product\/yoast-seo-wordpress\/ -->\n<title>Reopening of the Paule &amp; Kopa restaurant terrace in Marseille - Paule &amp; Kopa<\/title>\n<meta name=\"robots\" content=\"index, follow, max-snippet:-1, max-image-preview:large, max-video-preview:-1\" \/>\n<link rel=\"canonical\" href=\"https:\/\/www.restaurantpauleetkopa.fr\/en\/reopening-of-the-paule-kopa-restaurant-terrace-in-marseille\/\" \/>\n<meta property=\"og:locale\" content=\"en_US\" \/>\n<meta property=\"og:type\" content=\"article\" \/>\n<meta property=\"og:title\" content=\"Reopening of the Paule &amp; Kopa restaurant terrace in Marseille - Paule &amp; Kopa\" \/>\n<meta property=\"og:description\" content=\"Good news for lovers of Mediterranean cuisine and sunny aperitifs: the restaurant Paule &amp; Kopa is finally reopening its iconic terrace on Place aux Huiles, just a stone\u2019s throw from Marseille\u2019s Old Port! Starting May 19, 2021, the entire...\" \/>\n<meta property=\"og:url\" content=\"https:\/\/www.restaurantpauleetkopa.fr\/en\/reopening-of-the-paule-kopa-restaurant-terrace-in-marseille\/\" \/>\n<meta property=\"og:site_name\" content=\"Paule &amp; Kopa\" \/>\n<meta property=\"article:publisher\" content=\"https:\/\/www.facebook.com\/pauleetkopa\" \/>\n<meta property=\"article:published_time\" content=\"2021-05-11T08:14:22+00:00\" \/>\n<meta property=\"article:modified_time\" content=\"2025-12-08T23:08:55+00:00\" \/>\n<meta property=\"og:image\" content=\"https:\/\/www.restaurantpauleetkopa.fr\/wp-content\/uploads\/2025\/11\/reouverture-de-la-terrasse-du-restaurant-paule-kopa-a-marseille-actualites.jpg\" \/>\n\t<meta property=\"og:image:width\" content=\"782\" \/>\n\t<meta property=\"og:image:height\" content=\"440\" \/>\n\t<meta property=\"og:image:type\" content=\"image\/jpeg\" \/>\n<meta name=\"author\" content=\"A2\" \/>\n<meta name=\"twitter:card\" content=\"summary_large_image\" \/>\n<meta name=\"twitter:label1\" content=\"Written by\" \/>\n\t<meta name=\"twitter:data1\" content=\"A2\" \/>\n\t<meta name=\"twitter:label2\" content=\"Est. reading time\" \/>\n\t<meta name=\"twitter:data2\" content=\"18 minutes\" \/>\n<script type=\"application\/ld+json\" class=\"yoast-schema-graph\">{\"@context\":\"https:\\\/\\\/schema.org\",\"@graph\":[{\"@type\":\"Article\",\"@id\":\"https:\\\/\\\/www.restaurantpauleetkopa.fr\\\/en\\\/reopening-of-the-paule-kopa-restaurant-terrace-in-marseille\\\/#article\",\"isPartOf\":{\"@id\":\"https:\\\/\\\/www.restaurantpauleetkopa.fr\\\/en\\\/reopening-of-the-paule-kopa-restaurant-terrace-in-marseille\\\/\"},\"author\":{\"name\":\"A2\",\"@id\":\"https:\\\/\\\/www.restaurantpauleetkopa.fr\\\/en\\\/#\\\/schema\\\/person\\\/79828a14f64a93da572da9d1501e82fb\"},\"headline\":\"Reopening of the Paule &amp; Kopa restaurant terrace in Marseille\",\"datePublished\":\"2021-05-11T08:14:22+00:00\",\"dateModified\":\"2025-12-08T23:08:55+00:00\",\"mainEntityOfPage\":{\"@id\":\"https:\\\/\\\/www.restaurantpauleetkopa.fr\\\/en\\\/reopening-of-the-paule-kopa-restaurant-terrace-in-marseille\\\/\"},\"wordCount\":2791,\"publisher\":{\"@id\":\"https:\\\/\\\/www.restaurantpauleetkopa.fr\\\/en\\\/#organization\"},\"image\":{\"@id\":\"https:\\\/\\\/www.restaurantpauleetkopa.fr\\\/en\\\/reopening-of-the-paule-kopa-restaurant-terrace-in-marseille\\\/#primaryimage\"},\"thumbnailUrl\":\"https:\\\/\\\/www.restaurantpauleetkopa.fr\\\/wp-content\\\/uploads\\\/2025\\\/11\\\/reouverture-de-la-terrasse-du-restaurant-paule-kopa-a-marseille-actualites.jpg\",\"keywords\":[\"Paule and Kopa\"],\"articleSection\":[\"Paule and Kopa\"],\"inLanguage\":\"en-US\"},{\"@type\":\"WebPage\",\"@id\":\"https:\\\/\\\/www.restaurantpauleetkopa.fr\\\/en\\\/reopening-of-the-paule-kopa-restaurant-terrace-in-marseille\\\/\",\"url\":\"https:\\\/\\\/www.restaurantpauleetkopa.fr\\\/en\\\/reopening-of-the-paule-kopa-restaurant-terrace-in-marseille\\\/\",\"name\":\"Reopening of the Paule &amp; Kopa restaurant terrace in Marseille - Paule &amp; Kopa\",\"isPartOf\":{\"@id\":\"https:\\\/\\\/www.restaurantpauleetkopa.fr\\\/en\\\/#website\"},\"primaryImageOfPage\":{\"@id\":\"https:\\\/\\\/www.restaurantpauleetkopa.fr\\\/en\\\/reopening-of-the-paule-kopa-restaurant-terrace-in-marseille\\\/#primaryimage\"},\"image\":{\"@id\":\"https:\\\/\\\/www.restaurantpauleetkopa.fr\\\/en\\\/reopening-of-the-paule-kopa-restaurant-terrace-in-marseille\\\/#primaryimage\"},\"thumbnailUrl\":\"https:\\\/\\\/www.restaurantpauleetkopa.fr\\\/wp-content\\\/uploads\\\/2025\\\/11\\\/reouverture-de-la-terrasse-du-restaurant-paule-kopa-a-marseille-actualites.jpg\",\"datePublished\":\"2021-05-11T08:14:22+00:00\",\"dateModified\":\"2025-12-08T23:08:55+00:00\",\"breadcrumb\":{\"@id\":\"https:\\\/\\\/www.restaurantpauleetkopa.fr\\\/en\\\/reopening-of-the-paule-kopa-restaurant-terrace-in-marseille\\\/#breadcrumb\"},\"inLanguage\":\"en-US\",\"potentialAction\":[{\"@type\":\"ReadAction\",\"target\":[\"https:\\\/\\\/www.restaurantpauleetkopa.fr\\\/en\\\/reopening-of-the-paule-kopa-restaurant-terrace-in-marseille\\\/\"]}]},{\"@type\":\"ImageObject\",\"inLanguage\":\"en-US\",\"@id\":\"https:\\\/\\\/www.restaurantpauleetkopa.fr\\\/en\\\/reopening-of-the-paule-kopa-restaurant-terrace-in-marseille\\\/#primaryimage\",\"url\":\"https:\\\/\\\/www.restaurantpauleetkopa.fr\\\/wp-content\\\/uploads\\\/2025\\\/11\\\/reouverture-de-la-terrasse-du-restaurant-paule-kopa-a-marseille-actualites.jpg\",\"contentUrl\":\"https:\\\/\\\/www.restaurantpauleetkopa.fr\\\/wp-content\\\/uploads\\\/2025\\\/11\\\/reouverture-de-la-terrasse-du-restaurant-paule-kopa-a-marseille-actualites.jpg\",\"width\":782,\"height\":440,\"caption\":\"Reopening of the Paule &amp; Kopa restaurant terrace in Marseille\"},{\"@type\":\"BreadcrumbList\",\"@id\":\"https:\\\/\\\/www.restaurantpauleetkopa.fr\\\/en\\\/reopening-of-the-paule-kopa-restaurant-terrace-in-marseille\\\/#breadcrumb\",\"itemListElement\":[{\"@type\":\"ListItem\",\"position\":1,\"name\":\"Accueil\",\"item\":\"https:\\\/\\\/www.restaurantpauleetkopa.fr\\\/en\\\/home\\\/\"},{\"@type\":\"ListItem\",\"position\":2,\"name\":\"Reopening of the Paule &amp; Kopa restaurant terrace in Marseille\"}]},{\"@type\":\"WebSite\",\"@id\":\"https:\\\/\\\/www.restaurantpauleetkopa.fr\\\/en\\\/#website\",\"url\":\"https:\\\/\\\/www.restaurantpauleetkopa.fr\\\/en\\\/\",\"name\":\"Paule & Kopa\",\"description\":\"Restaurant \u00e0 Marseille - Cuisine m\u00e9diterran\u00e9enne &amp; proven\u00e7ale\",\"publisher\":{\"@id\":\"https:\\\/\\\/www.restaurantpauleetkopa.fr\\\/en\\\/#organization\"},\"alternateName\":\"paule et kopa\",\"potentialAction\":[{\"@type\":\"SearchAction\",\"target\":{\"@type\":\"EntryPoint\",\"urlTemplate\":\"https:\\\/\\\/www.restaurantpauleetkopa.fr\\\/en\\\/?s={search_term_string}\"},\"query-input\":{\"@type\":\"PropertyValueSpecification\",\"valueRequired\":true,\"valueName\":\"search_term_string\"}}],\"inLanguage\":\"en-US\"},{\"@type\":\"Organization\",\"@id\":\"https:\\\/\\\/www.restaurantpauleetkopa.fr\\\/en\\\/#organization\",\"name\":\"Paule & Kopa\",\"alternateName\":\"paule et kopa\",\"url\":\"https:\\\/\\\/www.restaurantpauleetkopa.fr\\\/en\\\/\",\"logo\":{\"@type\":\"ImageObject\",\"inLanguage\":\"en-US\",\"@id\":\"https:\\\/\\\/www.restaurantpauleetkopa.fr\\\/en\\\/#\\\/schema\\\/logo\\\/image\\\/\",\"url\":\"https:\\\/\\\/www.restaurantpauleetkopa.fr\\\/wp-content\\\/uploads\\\/2025\\\/11\\\/paule-kopa-restaurant-vieux-port-marseile-groupe-evenements-favicon.png\",\"contentUrl\":\"https:\\\/\\\/www.restaurantpauleetkopa.fr\\\/wp-content\\\/uploads\\\/2025\\\/11\\\/paule-kopa-restaurant-vieux-port-marseile-groupe-evenements-favicon.png\",\"width\":512,\"height\":512,\"caption\":\"Paule & Kopa\"},\"image\":{\"@id\":\"https:\\\/\\\/www.restaurantpauleetkopa.fr\\\/en\\\/#\\\/schema\\\/logo\\\/image\\\/\"},\"sameAs\":[\"https:\\\/\\\/www.facebook.com\\\/pauleetkopa\",\"https:\\\/\\\/www.instagram.com\\\/paulekopa\\\/\"]},{\"@type\":\"Person\",\"@id\":\"https:\\\/\\\/www.restaurantpauleetkopa.fr\\\/en\\\/#\\\/schema\\\/person\\\/79828a14f64a93da572da9d1501e82fb\",\"name\":\"A2\",\"image\":{\"@type\":\"ImageObject\",\"inLanguage\":\"en-US\",\"@id\":\"https:\\\/\\\/secure.gravatar.com\\\/avatar\\\/932a25a586220405a239a55ed1448045440d06d79064dfcdb7add5288cdb9ac9?s=96&d=mm&r=g\",\"url\":\"https:\\\/\\\/secure.gravatar.com\\\/avatar\\\/932a25a586220405a239a55ed1448045440d06d79064dfcdb7add5288cdb9ac9?s=96&d=mm&r=g\",\"contentUrl\":\"https:\\\/\\\/secure.gravatar.com\\\/avatar\\\/932a25a586220405a239a55ed1448045440d06d79064dfcdb7add5288cdb9ac9?s=96&d=mm&r=g\",\"caption\":\"A2\"},\"url\":\"https:\\\/\\\/www.restaurantpauleetkopa.fr\\\/en\\\/author\\\/manyfl2or\\\/\"}]}<\/script>\n<!-- \/ Yoast SEO plugin. -->","yoast_head_json":{"title":"Reopening of the Paule &amp; Kopa restaurant terrace in Marseille - Paule &amp; Kopa","robots":{"index":"index","follow":"follow","max-snippet":"max-snippet:-1","max-image-preview":"max-image-preview:large","max-video-preview":"max-video-preview:-1"},"canonical":"https:\/\/www.restaurantpauleetkopa.fr\/en\/reopening-of-the-paule-kopa-restaurant-terrace-in-marseille\/","og_locale":"en_US","og_type":"article","og_title":"Reopening of the Paule &amp; Kopa restaurant terrace in Marseille - Paule &amp; Kopa","og_description":"Good news for lovers of Mediterranean cuisine and sunny aperitifs: the restaurant Paule &amp; Kopa is finally reopening its iconic terrace on Place aux Huiles, just a stone\u2019s throw from Marseille\u2019s Old Port! Starting May 19, 2021, the entire...","og_url":"https:\/\/www.restaurantpauleetkopa.fr\/en\/reopening-of-the-paule-kopa-restaurant-terrace-in-marseille\/","og_site_name":"Paule &amp; Kopa","article_publisher":"https:\/\/www.facebook.com\/pauleetkopa","article_published_time":"2021-05-11T08:14:22+00:00","article_modified_time":"2025-12-08T23:08:55+00:00","og_image":[{"width":782,"height":440,"url":"https:\/\/www.restaurantpauleetkopa.fr\/wp-content\/uploads\/2025\/11\/reouverture-de-la-terrasse-du-restaurant-paule-kopa-a-marseille-actualites.jpg","type":"image\/jpeg"}],"author":"A2","twitter_card":"summary_large_image","twitter_misc":{"Written by":"A2","Est. reading time":"18 minutes"},"schema":{"@context":"https:\/\/schema.org","@graph":[{"@type":"Article","@id":"https:\/\/www.restaurantpauleetkopa.fr\/en\/reopening-of-the-paule-kopa-restaurant-terrace-in-marseille\/#article","isPartOf":{"@id":"https:\/\/www.restaurantpauleetkopa.fr\/en\/reopening-of-the-paule-kopa-restaurant-terrace-in-marseille\/"},"author":{"name":"A2","@id":"https:\/\/www.restaurantpauleetkopa.fr\/en\/#\/schema\/person\/79828a14f64a93da572da9d1501e82fb"},"headline":"Reopening of the Paule &amp; Kopa restaurant terrace in Marseille","datePublished":"2021-05-11T08:14:22+00:00","dateModified":"2025-12-08T23:08:55+00:00","mainEntityOfPage":{"@id":"https:\/\/www.restaurantpauleetkopa.fr\/en\/reopening-of-the-paule-kopa-restaurant-terrace-in-marseille\/"},"wordCount":2791,"publisher":{"@id":"https:\/\/www.restaurantpauleetkopa.fr\/en\/#organization"},"image":{"@id":"https:\/\/www.restaurantpauleetkopa.fr\/en\/reopening-of-the-paule-kopa-restaurant-terrace-in-marseille\/#primaryimage"},"thumbnailUrl":"https:\/\/www.restaurantpauleetkopa.fr\/wp-content\/uploads\/2025\/11\/reouverture-de-la-terrasse-du-restaurant-paule-kopa-a-marseille-actualites.jpg","keywords":["Paule and Kopa"],"articleSection":["Paule and Kopa"],"inLanguage":"en-US"},{"@type":"WebPage","@id":"https:\/\/www.restaurantpauleetkopa.fr\/en\/reopening-of-the-paule-kopa-restaurant-terrace-in-marseille\/","url":"https:\/\/www.restaurantpauleetkopa.fr\/en\/reopening-of-the-paule-kopa-restaurant-terrace-in-marseille\/","name":"Reopening of the Paule &amp; Kopa restaurant terrace in Marseille - Paule &amp; Kopa","isPartOf":{"@id":"https:\/\/www.restaurantpauleetkopa.fr\/en\/#website"},"primaryImageOfPage":{"@id":"https:\/\/www.restaurantpauleetkopa.fr\/en\/reopening-of-the-paule-kopa-restaurant-terrace-in-marseille\/#primaryimage"},"image":{"@id":"https:\/\/www.restaurantpauleetkopa.fr\/en\/reopening-of-the-paule-kopa-restaurant-terrace-in-marseille\/#primaryimage"},"thumbnailUrl":"https:\/\/www.restaurantpauleetkopa.fr\/wp-content\/uploads\/2025\/11\/reouverture-de-la-terrasse-du-restaurant-paule-kopa-a-marseille-actualites.jpg","datePublished":"2021-05-11T08:14:22+00:00","dateModified":"2025-12-08T23:08:55+00:00","breadcrumb":{"@id":"https:\/\/www.restaurantpauleetkopa.fr\/en\/reopening-of-the-paule-kopa-restaurant-terrace-in-marseille\/#breadcrumb"},"inLanguage":"en-US","potentialAction":[{"@type":"ReadAction","target":["https:\/\/www.restaurantpauleetkopa.fr\/en\/reopening-of-the-paule-kopa-restaurant-terrace-in-marseille\/"]}]},{"@type":"ImageObject","inLanguage":"en-US","@id":"https:\/\/www.restaurantpauleetkopa.fr\/en\/reopening-of-the-paule-kopa-restaurant-terrace-in-marseille\/#primaryimage","url":"https:\/\/www.restaurantpauleetkopa.fr\/wp-content\/uploads\/2025\/11\/reouverture-de-la-terrasse-du-restaurant-paule-kopa-a-marseille-actualites.jpg","contentUrl":"https:\/\/www.restaurantpauleetkopa.fr\/wp-content\/uploads\/2025\/11\/reouverture-de-la-terrasse-du-restaurant-paule-kopa-a-marseille-actualites.jpg","width":782,"height":440,"caption":"Reopening of the Paule &amp; Kopa restaurant terrace in Marseille"},{"@type":"BreadcrumbList","@id":"https:\/\/www.restaurantpauleetkopa.fr\/en\/reopening-of-the-paule-kopa-restaurant-terrace-in-marseille\/#breadcrumb","itemListElement":[{"@type":"ListItem","position":1,"name":"Accueil","item":"https:\/\/www.restaurantpauleetkopa.fr\/en\/home\/"},{"@type":"ListItem","position":2,"name":"Reopening of the Paule &amp; Kopa restaurant terrace in Marseille"}]},{"@type":"WebSite","@id":"https:\/\/www.restaurantpauleetkopa.fr\/en\/#website","url":"https:\/\/www.restaurantpauleetkopa.fr\/en\/","name":"Paule & Kopa","description":"Restaurant \u00e0 Marseille - Cuisine m\u00e9diterran\u00e9enne &amp; proven\u00e7ale","publisher":{"@id":"https:\/\/www.restaurantpauleetkopa.fr\/en\/#organization"},"alternateName":"paule et kopa","potentialAction":[{"@type":"SearchAction","target":{"@type":"EntryPoint","urlTemplate":"https:\/\/www.restaurantpauleetkopa.fr\/en\/?s={search_term_string}"},"query-input":{"@type":"PropertyValueSpecification","valueRequired":true,"valueName":"search_term_string"}}],"inLanguage":"en-US"},{"@type":"Organization","@id":"https:\/\/www.restaurantpauleetkopa.fr\/en\/#organization","name":"Paule & Kopa","alternateName":"paule et kopa","url":"https:\/\/www.restaurantpauleetkopa.fr\/en\/","logo":{"@type":"ImageObject","inLanguage":"en-US","@id":"https:\/\/www.restaurantpauleetkopa.fr\/en\/#\/schema\/logo\/image\/","url":"https:\/\/www.restaurantpauleetkopa.fr\/wp-content\/uploads\/2025\/11\/paule-kopa-restaurant-vieux-port-marseile-groupe-evenements-favicon.png","contentUrl":"https:\/\/www.restaurantpauleetkopa.fr\/wp-content\/uploads\/2025\/11\/paule-kopa-restaurant-vieux-port-marseile-groupe-evenements-favicon.png","width":512,"height":512,"caption":"Paule & Kopa"},"image":{"@id":"https:\/\/www.restaurantpauleetkopa.fr\/en\/#\/schema\/logo\/image\/"},"sameAs":["https:\/\/www.facebook.com\/pauleetkopa","https:\/\/www.instagram.com\/paulekopa\/"]},{"@type":"Person","@id":"https:\/\/www.restaurantpauleetkopa.fr\/en\/#\/schema\/person\/79828a14f64a93da572da9d1501e82fb","name":"A2","image":{"@type":"ImageObject","inLanguage":"en-US","@id":"https:\/\/secure.gravatar.com\/avatar\/932a25a586220405a239a55ed1448045440d06d79064dfcdb7add5288cdb9ac9?s=96&d=mm&r=g","url":"https:\/\/secure.gravatar.com\/avatar\/932a25a586220405a239a55ed1448045440d06d79064dfcdb7add5288cdb9ac9?s=96&d=mm&r=g","contentUrl":"https:\/\/secure.gravatar.com\/avatar\/932a25a586220405a239a55ed1448045440d06d79064dfcdb7add5288cdb9ac9?s=96&d=mm&r=g","caption":"A2"},"url":"https:\/\/www.restaurantpauleetkopa.fr\/en\/author\/manyfl2or\/"}]}},"_links":{"self":[{"href":"https:\/\/www.restaurantpauleetkopa.fr\/en\/wp-json\/wp\/v2\/posts\/2020","targetHints":{"allow":["GET"]}}],"collection":[{"href":"https:\/\/www.restaurantpauleetkopa.fr\/en\/wp-json\/wp\/v2\/posts"}],"about":[{"href":"https:\/\/www.restaurantpauleetkopa.fr\/en\/wp-json\/wp\/v2\/types\/post"}],"author":[{"embeddable":true,"href":"https:\/\/www.restaurantpauleetkopa.fr\/en\/wp-json\/wp\/v2\/users\/2"}],"replies":[{"embeddable":true,"href":"https:\/\/www.restaurantpauleetkopa.fr\/en\/wp-json\/wp\/v2\/comments?post=2020"}],"version-history":[{"count":9,"href":"https:\/\/www.restaurantpauleetkopa.fr\/en\/wp-json\/wp\/v2\/posts\/2020\/revisions"}],"predecessor-version":[{"id":2169,"href":"https:\/\/www.restaurantpauleetkopa.fr\/en\/wp-json\/wp\/v2\/posts\/2020\/revisions\/2169"}],"wp:featuredmedia":[{"embeddable":true,"href":"https:\/\/www.restaurantpauleetkopa.fr\/en\/wp-json\/wp\/v2\/media\/1869"}],"wp:attachment":[{"href":"https:\/\/www.restaurantpauleetkopa.fr\/en\/wp-json\/wp\/v2\/media?parent=2020"}],"wp:term":[{"taxonomy":"category","embeddable":true,"href":"https:\/\/www.restaurantpauleetkopa.fr\/en\/wp-json\/wp\/v2\/categories?post=2020"},{"taxonomy":"post_tag","embeddable":true,"href":"https:\/\/www.restaurantpauleetkopa.fr\/en\/wp-json\/wp\/v2\/tags?post=2020"}],"curies":[{"name":"wp","href":"https:\/\/api.w.org\/{rel}","templated":true}]}}